{"id":163,"date":"2011-12-10T07:29:22","date_gmt":"2011-12-10T07:29:22","guid":{"rendered":"https:\/\/mastor.cl\/blog\/?p=163"},"modified":"2011-12-10T07:29:22","modified_gmt":"2011-12-10T07:29:22","slug":"sobre-la-autoridad-y-la-obediencia","status":"publish","type":"post","link":"https:\/\/mastor.cl\/2021\/sobre-la-autoridad-y-la-obediencia\/","title":{"rendered":"Sobre la autoridad y la obediencia"},"content":{"rendered":"<figure id=\"attachment_204\" aria-describedby=\"caption-attachment-204\" style=\"width: 291px\" class=\"wp-caption alignleft\"><a href=\"https:\/\/mastor.cl\/2021\/wp-content\/uploads\/2011\/12\/militar-postura.gif\"><img loading=\"lazy\" decoding=\"async\" class=\"size-full wp-image-204\" title=\"militar postura\" src=\"https:\/\/mastor.cl\/2021\/wp-content\/uploads\/2011\/12\/militar-postura.gif\" alt=\"\" width=\"291\" height=\"194\" \/><\/a><figcaption id=\"caption-attachment-204\" class=\"wp-caption-text\">Qu\u00e9 dir\u00eda W. Reich ..<\/figcaption><\/figure>\n<p><strong>\u2018Eres desafiante\u2019, me dicen, \u00bftienes problemas con la autoridad?<\/strong><\/p>\n<p>El 69% de los trabajadores chilenos considera que el trato que recibe de sus superiores es irrespetuoso, m\u00e1s de dos tercios de los casi cinco mil trabajadores encuestados por la consultora Laborum ha sufrido acoso psicol\u00f3gico en el trabajo (mobbing).<\/p>\n<p>Si me permites, dame unos minutos, necesito al menos 20. Necesito que me escuches, necesito dialogar. No que me coloques una etiqueta. Autoridad viene del \u2018lat\u00edn auctor\u2019, el que hace crecer. Aclaro que mi problema no es con la autoridad, es con la obediencia.<\/p>\n<p>Porque si se trata de autoridad, cuando necesito remendar prefiero la autoridad del zapatero y del sastre (dec\u00eda Bakunin), y es cierto el anarquismo es una filosof\u00eda de mi simpat\u00eda.<!--more--><\/p>\n<p>Porque la obediencia deja de lado las convicciones, la obediencia es sometimiento a algo exterior por definici\u00f3n, no por convicci\u00f3n sino por pasividad. Y yo quiero reencantar el mundo. Quiero jugar con \u00e9l, quiero que sea un lugar m\u00e1gico. No quiero una jaula.<\/p>\n<p>Porque en este mundo hay mucho sadismo, y mi trabajo, y mi hogar, y mi escuela est\u00e1n hechas para el surgimiento de tiranos. Y eso no es s\u00f3lo responsabilidad de los tiranos, es la necesidad que hemos puesto en el mundo. El que hay ahora. Porque el sadismo no es una propiedad del mundo, el sadismo est\u00e1 en el mundo.<\/p>\n<p>Mi alta soledad, tiene una densidad m\u00e1s all\u00e1 de la etiqueta. Mi soledad es mi sensibilidad a las reglas de los grupos que hemos hecho, esa sensibilidad que me hace sentir muchas veces nuevo y extranjero m\u00e1s del tiempo que quisiera. Porque yo quiero participar activamente, y no ser un tirano de grupos que no saben o no quieren cambiar. Porque en la escuela y en el trabajo hay miedo y tambi\u00e9n odio, y rabia congelada, y nuestros grupos ponen los tiranos, porque nuestros grupos quieren un tirano para no crecer y no creer en nuestros sue\u00f1os, y para que finalmente nada cambie.<\/p>\n<p>Y en la escuela no podemos preguntarnos lo fundamental, y hacemos que los sabios y los ignorantes tengan algo en com\u00fan, a ambos los vamos a expulsar, porque hacen las preguntas que hay que hacer. Porque yo pregunto cuando quiero cambiar y esta escuela y este trabajo me trata como a un extranjero.<\/p>\n<p>Porque en mi trabajo y en mi escuela hay una desigualdad obscena, y yo quiero participar y quiero aprender.<\/p>\n<p>Porque Pinochet estuvo en el grupo de mi padre. Quiero que me conozcan. \u00bfDebo ser acaso un tirano?. \u00bfCuando creceremos?.<\/p>\n<p><em>Septiembre de 2007, a 34 a\u00f1os del golpe militar:<\/em><\/p>\n<p>La \u00faltima encuesta Casen revela que m\u00e1s de la mitad de los trabajadores en Chile (54%) percibe ingresos iguales o por debajo los 216 mil mensuales, seg\u00fan arroja la encuesta de Caracterizaci\u00f3n Socioecon\u00f3mica Nacional (Casen) 2006. Es decir, cerca de cuatro millones de personas perciben menos de lo que la Iglesia Cat\u00f3lica ha catalogado en las \u00faltimas semanas como \u00absueldo \u00e9tico\u00bb, estimado en 250 mil pesos mensuales. Fuente: Ministerio de Planificaci\u00f3n Nacional.<\/p>\n<p>Seg\u00fan los antecedentes entregados por el Departamento de Evaluaci\u00f3n, Medici\u00f3n y Registro Educacional (Demre, 2007), instituci\u00f3n a cargo de la PSU, cerca del 43% de los j\u00f3venes cuyas familias tienen un ingreso menor a los $278.000 mil pesos mensuales, no alcanzaron el puntaje m\u00ednimo para postular a la Universidad, y s\u00f3lo el 8,8% sac\u00f3 m\u00e1s de 600 puntos. En cambio los estudiantes de familia ABC1, es decir que su ingreso es mayor a $1.500.000 mil pesos mensuales, s\u00f3lo un 5% sac\u00f3 menos de 450 puntos, superando en puntaje a todos los dem\u00e1s grupos con un 60% de postulantes sobre los 600 puntos. Fuente: Ministerio de Educaci\u00f3n.<\/p>\n<p>El 69% de los trabajadores chilenos considera que el trato que recibe de sus superiores es irrespetuoso, m\u00e1s de dos tercios de los casi cinco mil trabajadores encuestados por la consultora Laborum ha sufrido acoso psicol\u00f3gico en el trabajo (mobbing). Seg\u00fan el estudio, el 34% de los consultados dijo estar sufri\u00e9ndolo en su actual trabajo y un 33% se sinti\u00f3 hostigado en su anterior ocupaci\u00f3n. S\u00f3lo un tercio asegur\u00f3 nunca haberlo vivido. Fuente: Direcci\u00f3n del Trabajo Gobierno de Chile. 2004.<\/p>\n<p>La Encuesta del Informe de Desarrollo Humano del PNUD 2002, revel\u00f3 que el 55% de los chilenos y el 43% de los argentinos declara estar de acuerdo con que: \u2018en algunas circunstancias es mejor un gobierno democr\u00e1tico que uno autoritario\u2019 y que: \u2018a la gente como uno le da lo mismo un gobierno democr\u00e1tico que uno autoritario\u2019. S\u00f3lo un 45% de lo chilenos y el 57% de los argentinos declara que \u2018la democracia es preferible a cualquier otra forma de gobierno\u2019.<\/p>\n<p>La Encuesta Fundaci\u00f3n Ideas-Universidad de Chile encontr\u00f3 los siguientes porcentajes de acuerdo en 3 ciudades del pa\u00eds con una muestra de 1.100 casos el a\u00f1o 2003: M\u00e1s que discusiones lo que nosotros necesitamos es un jefe (53%), Los j\u00f3venes de hoy necesitan mano dura porque le han perdido el respeto a todo (60%), Para que hagamos bien nuestro trabajo, es necesario que patrones y jefes nos indiquen cuidadosa y exactamente qu\u00e9 es lo que debemos hacer y c\u00f3mo (74%), Lo que necesita la juventud es autoridad, determinaci\u00f3n y voluntad de trabajar y luchar por la familia y por la patria ( 83%), La obediencia y el respeto a la autoridad son las primeras virtudes que hay que ense\u00f1ar a los ni\u00f1os (85%).<\/p>\n<p>&nbsp;<\/p>\n<p>Articulo reproducido en <em>Defensadelcobre<\/em> :\u00a0<a href=\"http:\/\/www.defensadelcobre.info\/modules.php?name=News&amp;file=print&amp;sid=1599\">http:\/\/www.defensadelcobre.info\/modules.php?name=News&amp;file=print&amp;sid=1599<\/a><\/p>\n","protected":false},"excerpt":{"rendered":"<p>\u2018Eres desafiante\u2019, me dicen, \u00bftienes problemas con la autoridad? El 69% de los trabajadores chilenos considera que el trato que recibe de sus superiores es irrespetuoso, m\u00e1s de dos tercios de los casi cinco mil trabajadores encuestados por la consultora Laborum ha sufrido acoso psicol\u00f3gico en el trabajo (mobbing). Si me permites, dame unos minutos,&hellip;&nbsp;<a href=\"https:\/\/mastor.cl\/2021\/sobre-la-autoridad-y-la-obediencia\/\" rel=\"bookmark\">Leer m\u00e1s &raquo;<span class=\"screen-reader-text\">Sobre la autoridad y la obediencia<\/span><\/a><\/p>\n","protected":false},"author":2,"featured_media":0,"comment_status":"open","ping_status":"open","sticky":false,"template":"","format":"standard","meta":{"neve_meta_sidebar":"","neve_meta_container":"","neve_meta_enable_content_width":"","neve_meta_content_width":0,"neve_meta_title_alignment":"","neve_meta_author_avatar":"","neve_post_elements_order":"","neve_meta_disable_header":"","neve_meta_disable_footer":"","neve_meta_disable_title":"","footnotes":""},"categories":[1],"tags":[55,143,185],"class_list":["post-163","post","type-post","status-publish","format-standard","hentry","category-sin-categoria","tag-cultura","tag-opinion-publica","tag-sujeto-popular"],"_links":{"self":[{"href":"https:\/\/mastor.cl\/2021\/wp-json\/wp\/v2\/posts\/163","targetHints":{"allow":["GET"]}}],"collection":[{"href":"https:\/\/mastor.cl\/2021\/wp-json\/wp\/v2\/posts"}],"about":[{"href":"https:\/\/mastor.cl\/2021\/wp-json\/wp\/v2\/types\/post"}],"author":[{"embeddable":true,"href":"https:\/\/mastor.cl\/2021\/wp-json\/wp\/v2\/users\/2"}],"replies":[{"embeddable":true,"href":"https:\/\/mastor.cl\/2021\/wp-json\/wp\/v2\/comments?post=163"}],"version-history":[{"count":0,"href":"https:\/\/mastor.cl\/2021\/wp-json\/wp\/v2\/posts\/163\/revisions"}],"wp:attachment":[{"href":"https:\/\/mastor.cl\/2021\/wp-json\/wp\/v2\/media?parent=163"}],"wp:term":[{"taxonomy":"category","embeddable":true,"href":"https:\/\/mastor.cl\/2021\/wp-json\/wp\/v2\/categories?post=163"},{"taxonomy":"post_tag","embeddable":true,"href":"https:\/\/mastor.cl\/2021\/wp-json\/wp\/v2\/tags?post=163"}],"curies":[{"name":"wp","href":"https:\/\/api.w.org\/{rel}","templated":true}]}}