{"id":3124,"date":"2017-05-25T02:54:50","date_gmt":"2017-05-25T02:54:50","guid":{"rendered":"https:\/\/mastor.cl\/blog\/?p=3124"},"modified":"2017-05-25T02:54:50","modified_gmt":"2017-05-25T02:54:50","slug":"foucault-y-la-biopolitica","status":"publish","type":"post","link":"https:\/\/mastor.cl\/2021\/foucault-y-la-biopolitica\/","title":{"rendered":"Foucault y la biopolitica"},"content":{"rendered":"<p>https:\/\/youtu.be\/A3JKd5z09f4<\/p>\n<p><strong>Bibliograf\u00eda.<\/strong><\/p>\n<p><a href=\"https:\/\/mastor.cl\/2021\/wp-content\/uploads\/2017\/05\/Captura-de-pantalla-2018-05-24-a-las-23.20.37.png\"><img loading=\"lazy\" decoding=\"async\" class=\"alignleft size-full wp-image-3133\" src=\"https:\/\/mastor.cl\/2021\/wp-content\/uploads\/2017\/05\/Captura-de-pantalla-2018-05-24-a-las-23.20.37.png\" alt=\"\" width=\"922\" height=\"756\" srcset=\"https:\/\/mastor.cl\/2021\/wp-content\/uploads\/2017\/05\/Captura-de-pantalla-2018-05-24-a-las-23.20.37.png 922w, https:\/\/mastor.cl\/2021\/wp-content\/uploads\/2017\/05\/Captura-de-pantalla-2018-05-24-a-las-23.20.37-300x246.png 300w, https:\/\/mastor.cl\/2021\/wp-content\/uploads\/2017\/05\/Captura-de-pantalla-2018-05-24-a-las-23.20.37-768x630.png 768w, https:\/\/mastor.cl\/2021\/wp-content\/uploads\/2017\/05\/Captura-de-pantalla-2018-05-24-a-las-23.20.37-366x300.png 366w\" sizes=\"auto, (max-width: 922px) 100vw, 922px\" \/><\/a><\/p>\n<p><a href=\"https:\/\/mega.nz\/#!iU9E2QiJ!phEKLULro9nYN8v8ipl_QyZDzNmMcSoYOeyeInhVB8Y\">Foucault. El nacimiento de la biopolitica<\/a>.<\/p>\n<p><a href=\"https:\/\/mega.nz\/#!2U0GRZYQ!6YbDAWw-f3bM9zACcN1_QOzQn4c4EEeULEaE7kvMikA\">Foucault. La microf\u00edsica del poder<\/a>.<\/p>\n<p><a href=\"https:\/\/mega.nz\/#!TYlikTqA!oAmzOWFi1N_-uG50JQWRea4xaSNQstb4e9hoS_76SGg\">Foucault. El sujeto y el poder<\/a>.<\/p>\n<p><a href=\"https:\/\/mega.nz\/#!zJUiBAYZ!VTReUiduYJza8aVdrihNDKUEru8_OI1YiQ-sY46gitM\">Foucault. El gobierno de s\u00ed y de los otros<\/a>.<\/p>\n<p><a href=\"https:\/\/mega.nz\/#!Sc1wHaYS!iNTobJSylLiPSzsJ2LUu2d6Tw1r-yztXNJ4etuAr9tU\">Foucault. Vigilar y Castigar<\/a>.<\/p>\n<p><a href=\"https:\/\/mega.nz\/#!jdsQkSyY!LqhfnsoVkO3aoVxef00d8ZaMb1-yiFgGamDumYcBFn0\">Foucault y otros. Ensayos de Biopolitica<\/a>.<\/p>\n<p><a href=\"https:\/\/mega.nz\/#!3I0DRazJ!vsrDTVWHiMDceeQtD5eC7iFqJUTYKV5VezdidX40SNo\">Foucault. Estrategias de poder<\/a>.<\/p>\n<p><a href=\"https:\/\/mega.nz\/#!jJlBiCha!mKUpZ8_e-pQ8uIHocrvD7_Ukcs8ThSngD9sAugtjSYU\">Foucault. El orden del discurso<\/a>.<\/p>\n<p><a href=\"https:\/\/mastor.cl\/blog\/wp-content\/uploads\/2017\/05\/vigilar-y-organizar-critical-managment-estudies-resen?a.pdf\">Vigilar y organizar critical management estudies rese\u00f1a<\/a><\/p>\n<p><strong>Ver tambi\u00e9n<\/strong><\/p>\n<blockquote class=\"wp-embedded-content\" data-secret=\"oLqExQJInq\"><p><a href=\"https:\/\/mastor.cl\/blog\/2017\/10\/sociologia-del-management-mas-alla-del-management-de-las-empresas-a-la-sociedad\/\">Sociolog\u00eda del Management. M\u00e1s all\u00e1 del Management: de las empresas a la sociedad<\/a><\/p><\/blockquote>\n<p><iframe loading=\"lazy\" class=\"wp-embedded-content\" sandbox=\"allow-scripts\" security=\"restricted\" style=\"position: absolute; clip: rect(1px, 1px, 1px, 1px);\" title=\"\u00abSociolog\u00eda del Management. M\u00e1s all\u00e1 del Management: de las empresas a la sociedad\u00bb \u2014 \" src=\"https:\/\/mastor.cl\/blog\/2017\/10\/sociologia-del-management-mas-alla-del-management-de-las-empresas-a-la-sociedad\/embed\/#?secret=oLqExQJInq\" data-secret=\"oLqExQJInq\" width=\"600\" height=\"338\" frameborder=\"0\" marginwidth=\"0\" marginheight=\"0\" scrolling=\"no\"><\/iframe><\/p>\n<p>&nbsp;<\/p>\n<p>&nbsp;<\/p>\n<p>&nbsp;<\/p>\n<p>&nbsp;<\/p>\n","protected":false},"excerpt":{"rendered":"<p>https:\/\/youtu.be\/A3JKd5z09f4 Bibliograf\u00eda. Foucault. El nacimiento de la biopolitica. Foucault. La microf\u00edsica del poder. Foucault. El sujeto y el poder. Foucault. El gobierno de s\u00ed y de los otros. Foucault. Vigilar y Castigar. Foucault y otros. Ensayos de Biopolitica. Foucault. Estrategias de poder. Foucault. El orden del discurso. Vigilar y organizar critical management estudies rese\u00f1a Ver&hellip;&nbsp;<a href=\"https:\/\/mastor.cl\/2021\/foucault-y-la-biopolitica\/\" rel=\"bookmark\">Leer m\u00e1s &raquo;<span class=\"screen-reader-text\">Foucault y la biopolitica<\/span><\/a><\/p>\n","protected":false},"author":2,"featured_media":3133,"comment_status":"open","ping_status":"open","sticky":false,"template":"","format":"standard","meta":{"neve_meta_sidebar":"","neve_meta_container":"","neve_meta_enable_content_width":"","neve_meta_content_width":0,"neve_meta_title_alignment":"","neve_meta_author_avatar":"","neve_post_elements_order":"","neve_meta_disable_header":"","neve_meta_disable_footer":"","neve_meta_disable_title":"","footnotes":""},"categories":[5],"tags":[33,87,154],"class_list":["post-3124","post","type-post","status-publish","format-standard","has-post-thumbnail","hentry","category-herramientas","tag-biopolitica","tag-foucault","tag-poder"],"_links":{"self":[{"href":"https:\/\/mastor.cl\/2021\/wp-json\/wp\/v2\/posts\/3124","targetHints":{"allow":["GET"]}}],"collection":[{"href":"https:\/\/mastor.cl\/2021\/wp-json\/wp\/v2\/posts"}],"about":[{"href":"https:\/\/mastor.cl\/2021\/wp-json\/wp\/v2\/types\/post"}],"author":[{"embeddable":true,"href":"https:\/\/mastor.cl\/2021\/wp-json\/wp\/v2\/users\/2"}],"replies":[{"embeddable":true,"href":"https:\/\/mastor.cl\/2021\/wp-json\/wp\/v2\/comments?post=3124"}],"version-history":[{"count":0,"href":"https:\/\/mastor.cl\/2021\/wp-json\/wp\/v2\/posts\/3124\/revisions"}],"wp:featuredmedia":[{"embeddable":true,"href":"https:\/\/mastor.cl\/2021\/wp-json\/wp\/v2\/media\/3133"}],"wp:attachment":[{"href":"https:\/\/mastor.cl\/2021\/wp-json\/wp\/v2\/media?parent=3124"}],"wp:term":[{"taxonomy":"category","embeddable":true,"href":"https:\/\/mastor.cl\/2021\/wp-json\/wp\/v2\/categories?post=3124"},{"taxonomy":"post_tag","embeddable":true,"href":"https:\/\/mastor.cl\/2021\/wp-json\/wp\/v2\/tags?post=3124"}],"curies":[{"name":"wp","href":"https:\/\/api.w.org\/{rel}","templated":true}]}}